{"id":5884,"date":"2020-05-18T13:50:31","date_gmt":"2020-05-18T17:50:31","guid":{"rendered":"https:\/\/vannghetudo.org\/?p=5884"},"modified":"2020-05-27T09:08:12","modified_gmt":"2020-05-27T13:08:12","slug":"minh-man-tieu-su","status":"publish","type":"post","link":"https:\/\/vannghetudo.org\/index.php\/2020\/05\/18\/minh-man-tieu-su\/","title":{"rendered":"M\u00c2Y T\u00cdM &#8211; Ti\u1ec3u S\u1eed"},"content":{"rendered":"<p><img fetchpriority=\"high\" decoding=\"async\" class=\"aligncenter wp-image-5885\" src=\"https:\/\/vannghetudo.org\/wp-content\/uploads\/2020\/05\/may-tim-477x850.png\" alt=\"\" width=\"337\" height=\"600\" srcset=\"https:\/\/vannghetudo.org\/wp-content\/uploads\/2020\/05\/may-tim-477x850.png 477w, https:\/\/vannghetudo.org\/wp-content\/uploads\/2020\/05\/may-tim-169x300.png 169w, https:\/\/vannghetudo.org\/wp-content\/uploads\/2020\/05\/may-tim-555x988.png 555w, https:\/\/vannghetudo.org\/wp-content\/uploads\/2020\/05\/may-tim.png 719w\" sizes=\"(max-width: 337px) 100vw, 337px\" \/><\/p>\n<p>M\u00e2y T\u00edm t\u00ean th\u1eadt l\u00e0 Minh M\u1eabn Tr\u1ea7n Eide.<br \/>\nMT v\u01b0\u1ee3t bi\u00ean v\u00e0o n\u0103m 1980, \u0111\u01b0\u1ee3c t\u00e0u Na Uy c\u1ee9u v\u1edbt tr\u00ean Bi\u1ec3n \u0110\u00f4ng.<br \/>\nSau \u0111\u00f3 \u0111\u01b0\u1ee3c ch\u00ednh ph\u1ee7 Na Uy cho t\u1ef5 n\u1ea1n \u1edf Na Uy.<br \/>\nMT \u0111i h\u1ecdc l\u1ea1i \u1edf Na Uy.<br \/>\nHi\u1ec7n MT \u0111ang c\u01b0 ng\u1ee5 t\u1ea1i Arna, m\u1ed9t th\u00e0nh ph\u1ed1 nh\u1ecf g\u1ea7n Bergen, mi\u1ec1n T\u00e2y Nam Na Uy.<\/p>\n","protected":false},"excerpt":{"rendered":"<p>M\u00e2y T\u00edm t\u00ean th\u1eadt l\u00e0 Minh M\u1eabn Tr\u1ea7n Eide. MT v\u01b0\u1ee3t bi\u00ean v\u00e0o n\u0103m 1980, \u0111\u01b0\u1ee3c t\u00e0u Na Uy c\u1ee9u v\u1edbt tr\u00ean Bi\u1ec3n \u0110\u00f4ng. Sau \u0111\u00f3 \u0111\u01b0\u1ee3c ch\u00ednh ph\u1ee7 Na Uy cho t\u1ef5 n\u1ea1n \u1edf Na Uy. MT \u0111i h\u1ecdc l\u1ea1i \u1edf Na Uy. Hi\u1ec7n MT \u0111ang c\u01b0 ng\u1ee5 t\u1ea1i Arna, m\u1ed9t th\u00e0nh ph\u1ed1 nh\u1ecf g\u1ea7n Bergen, mi\u1ec1n T\u00e2y Nam Na Uy.<\/p>\n","protected":false},"author":1,"featured_media":0,"comment_status":"closed","ping_status":"closed","sticky":false,"template":"","format":"standard","meta":{"ngg_post_thumbnail":0,"cybocfi_hide_featured_image":"","footnotes":""},"categories":[1],"tags":[84],"class_list":["post-5884","post","type-post","status-publish","format-standard","hentry","category-tieu-su","tag-may-tim"],"acf":[],"_links":{"self":[{"href":"https:\/\/vannghetudo.org\/index.php\/wp-json\/wp\/v2\/posts\/5884","targetHints":{"allow":["GET"]}}],"collection":[{"href":"https:\/\/vannghetudo.org\/index.php\/wp-json\/wp\/v2\/posts"}],"about":[{"href":"https:\/\/vannghetudo.org\/index.php\/wp-json\/wp\/v2\/types\/post"}],"author":[{"embeddable":true,"href":"https:\/\/vannghetudo.org\/index.php\/wp-json\/wp\/v2\/users\/1"}],"replies":[{"embeddable":true,"href":"https:\/\/vannghetudo.org\/index.php\/wp-json\/wp\/v2\/comments?post=5884"}],"version-history":[{"count":4,"href":"https:\/\/vannghetudo.org\/index.php\/wp-json\/wp\/v2\/posts\/5884\/revisions"}],"predecessor-version":[{"id":5933,"href":"https:\/\/vannghetudo.org\/index.php\/wp-json\/wp\/v2\/posts\/5884\/revisions\/5933"}],"wp:attachment":[{"href":"https:\/\/vannghetudo.org\/index.php\/wp-json\/wp\/v2\/media?parent=5884"}],"wp:term":[{"taxonomy":"category","embeddable":true,"href":"https:\/\/vannghetudo.org\/index.php\/wp-json\/wp\/v2\/categories?post=5884"},{"taxonomy":"post_tag","embeddable":true,"href":"https:\/\/vannghetudo.org\/index.php\/wp-json\/wp\/v2\/tags?post=5884"}],"curies":[{"name":"wp","href":"https:\/\/api.w.org\/{rel}","templated":true}]}}